{"id":93,"date":"2017-07-23T17:14:43","date_gmt":"2017-07-23T15:14:43","guid":{"rendered":"http:\/\/www.zukunftsklub.de\/?p=93"},"modified":"2017-11-13T19:38:20","modified_gmt":"2017-11-13T18:38:20","slug":"impressum","status":"publish","type":"post","link":"https:\/\/www.zukunftsklub.de\/index.php\/2017\/07\/23\/impressum\/","title":{"rendered":"Impressum"},"content":{"rendered":"<p>\t\t\tGemeinsam Altona<br \/>\n\t\t\tWeiterdenken<br \/>\n\t\t\t\t\t\t<a href=\"http:\/\/www.zukunftsklub.de\"><br \/>\n\t\t<img decoding=\"async\" loading=\"lazy\" width=\"214\" height=\"98\" src=\"http:\/\/www.zukunftsklub.de\/wp-content\/uploads\/2017\/07\/logo_zukunftsklub.png\" alt=\"\" sizes=\"100vw\" \/>\t\t\t\t<\/a><\/p>\n<p>Der Zukunftsclub Altona entwirft Szenarien f\u00fcr das Stadtleben von morgen. Welche Zukunftsaufgaben erwarten uns \u2013 und wie k\u00f6nnen wir sie l\u00f6sen?\u00a0Das Ziel ist es, Impulse f\u00fcr die politische Diskussion zu setzen. Auf dass Altona lebenswert bleibt!<\/p>\n<p>Der Zukunftsklub ist eine Initiative der GR\u00dcNEN Altona, offen f\u00fcr alle, die sich f\u00fcr die Zukunft der Stadt interessieren.<\/p>\n<h1>Impressum<\/h1>\n<h4 align=\"left\">B\u00dcNDNIS 90\/DIE GR\u00fcNEN &#8211; Altona<br \/> Redaktion und V.i.S.d.P.:<br \/> Kreisvorstand (Filiz Demirel)<\/h4>\n<p>zu erreichen \u00fcber:<\/p>\n<p>B\u00dcNDNIS 90\/DIE GR\u00dcNEN<br \/> Erzbergerstra\u00dfe 19<\/p>\n<p>22765 Hamburg<\/p>\n<h1>Haftungshinweis<\/h1>\n<p><b>1. Inhalt des Onlineangebotes<\/b><\/p>\n<p>Der Kreisverband Altona von B\u00fcndnis 90\/DIE GR\u00dcNEN \u00fcbernimmt keinerlei Gew\u00e4hr f\u00fcr die bereitgestellten Informationen. Haftungsanspr\u00fcche gegen B\u00fcndnis 90\/DIE GR\u00dcNEN, Kreisverband Altona, welche sich auf Sch\u00e4den materieller oder ideeller Art beziehen, die durch die Nutzung oder Nichtnutzung der dargebotenen Informationen bzw. durch die Nutzung fehlerhafter und unvollst\u00e4ndiger Informationen verursacht wurden, sind grunds\u00e4tzlich ausgeschlossen, sofern seitens des Kreisverbandes Altona von B\u00fcndnis 90\/DIE GR\u00dcNEN kein nachweislich vors\u00e4tzliches oder grob fahrl\u00e4ssiges Verschulden vorliegt.<\/p>\n<p>Der Kreisverband Altona von B\u00fcndnis 90\/DIE GR\u00dcNEN\u00a0beh\u00e4lt es sich ausdr\u00fccklich vor, Teile der Seiten oder das gesamte Angebot ohne gesonderte Ank\u00fcndigung zu ver\u00e4ndern, zu erg\u00e4nzen, zu l\u00f6schen oder die Ver\u00f6ffentlichung zeitweise oder endg\u00fcltig einzustellen.<\/p>\n<p><b>2. Verweise und Links<\/b><\/p>\n<p>Bei direkten oder indirekten Verweisen auf externe Internetseiten, die au\u00dferhalb des Verantwortungsbereiches des Kreisverbandes Altona von B\u00fcndnis 90\/DIE GR\u00dcNEN liegen, w\u00fcrde eine Haftungsverpflichtung ausschlie\u00dflich in dem Fall in Kraft treten, in dem der\u00a0Kreisverband Altona von B\u00fcndnis 90\/DIE GR\u00dcNEN von den Inhalten Kenntnis hat und es ihm technisch m\u00f6glich und zumutbar w\u00e4re, die Nutzung im Falle rechtswidriger Inhalte zu verhindern.<\/p>\n<p>Der Kreisverband Altona von B\u00fcndnis 90\/DIE GR\u00dcNEN\u00a0erkl\u00e4rt daher ausdr\u00fccklich, dass zum Zeitpunkt der Linksetzung die entsprechenden verlinkten Seiten frei von illegalen Inhalten waren. Der Kreisverband Altona von B\u00fcndnis 90\/DIE GR\u00dcNEN hat keinerlei Einfluss auf die aktuelle und zuk\u00fcnftige Gestaltung und auf die Inhalte der gelinkten Seiten. Deshalb distanziert sich der Kreisverband Altona von B\u00fcndnis 90\/DIE GR\u00dcNEN hiermit ausdr\u00fccklich von allen Inhalten aller gelinkten Seiten, die nach der Linksetzung ver\u00e4ndert wurden. Diese Feststellung gilt f\u00fcr alle innerhalb des eigenen Internetangebotes gesetzten Links und Verweise sowie f\u00fcr Fremdeintr\u00e4ge in vom Kreisverband Altona von B\u00fcndnis 90\/DIE GR\u00dcNEN eingerichteten G\u00e4steb\u00fcchern, Diskussionsforen und Mailinglisten. F\u00fcr illegale, fehlerhafte oder unvollst\u00e4ndige Inhalte und insbesondere f\u00fcr Sch\u00e4den, die aus der Nutzung oder Nichtnutzung solcherart dargebotener Informationen entstehen, haftet allein der Anbieter der Seite, auf welche verwiesen wurde, nicht derjenige, der \u00fcber Links auf die jeweilige Ver\u00f6ffentlichung lediglich verweist.<\/p>\n<p><b>3. Urheber- und Kennzeichenrecht<\/b><\/p>\n<p>Der Kreisverband Altona von B\u00fcndnis 90\/DIE GR\u00dcNEN\u00a0ist bestrebt, in allen Publikationen die Urheberrechte der verwendeten Grafiken, Tondokumente, Videosequenzen und Texte zu beachten, von ihm selbst erstellte Grafiken, Tondokumente, Videosequenzen und Texte zu nutzen oder auf lizenzfreie Grafiken, Tondokumente, Videosequenzen und Texte zur\u00fcckzugreifen.<\/p>\n<p>Alle innerhalb des Internetangebotes genannten und ggf. durch Dritte gesch\u00fctzten Marken- und Warenzeichen unterliegen uneingeschr\u00e4nkt den Bestimmungen des jeweils g\u00fcltigen Kennzeichenrechts und den Besitzrechten der jeweiligen eingetragenen Eigent\u00fcmer. Allein aufgrund der blo\u00dfen Nennung ist nicht der Schluss zu ziehen, dass Markenzeichen nicht durch Rechte Dritter gesch\u00fctzt sind!<\/p>\n<p>Das Copyright f\u00fcr ver\u00f6ffentlichte vom Kreisverband Altona von B\u00fcndnis 90\/DIE GR\u00dcNENa selbst erstellter Objekte bleibt allein dem Kreisverband Altona von B\u00fcndnis 90\/DIE GR\u00dcNEN. Eine Vervielf\u00e4ltigung oder Verwendung von Grafiken, Tondokumente, Videosequenzen und Texte in anderen elektronischen oder gedruckten Publikationen bedarf der ausdr\u00fccklichen schriftlichen Genehmigung.<\/p>\n<p><b>4. Datenschutz<\/b><\/p>\n<p>Sofern innerhalb des Internetangebotes die M\u00f6glichkeit zur Eingabe pers\u00f6nlicher oder gesch\u00e4ftlicher Daten (E-Mail-Adressen, Namen, Anschriften) besteht, so erfolgt die Preisgabe dieser Daten seitens des Nutzers auf ausdr\u00fccklich freiwilliger Basis. Die Inanspruchnahme und Bezahlung aller angebotenen Dienste ist &#8211; soweit technisch m\u00f6glich und zumutbar &#8211; auch ohne Angabe solcher Daten bzw. unter Angabe anonymisierter Daten oder eines Pseudonyms gestattet.<\/p>\n<p><b>5. Rechtswirksamkeit dieses Haftungsausschlusses<\/b><\/p>\n<p>Dieser Haftungsausschluss ist als Teil des Internetangebotes zu betrachten, von dem aus auf diese Seite verwiesen wurde. Sofern Teile oder einzelne Formulierungen dieses Textes der geltenden Rechtslage nicht, nicht mehr oder nicht vollst\u00e4ndig entsprechen sollten, bleiben die \u00fcbrigen Teile des Dokumentes in ihrem Inhalt und ihrer G\u00fcltigkeit davon unber\u00fchrt.<\/p>\n<p>\t\t\t\t\t\t<a href=\"http:\/\/www.zukunftsklub.de\"><br \/>\n\t\t<img decoding=\"async\" loading=\"lazy\" width=\"214\" height=\"98\" src=\"http:\/\/www.zukunftsklub.de\/wp-content\/uploads\/2017\/07\/logo_zukunftsklub.png\" alt=\"\" sizes=\"100vw\" \/>\t\t\t\t<\/a><\/p>\n","protected":false},"excerpt":{"rendered":"<p>Gemeinsam Altona Weiterdenken Der Zukunftsclub Altona entwirft Szenarien f\u00fcr das Stadtleben von morgen. Welche Zukunftsaufgaben erwarten uns \u2013 und wie k\u00f6nnen wir sie l\u00f6sen?\u00a0Das Ziel ist es, Impulse f\u00fcr die politische Diskussion zu setzen. Auf dass Altona lebenswert bleibt! Der Zukunftsklub ist eine Initiative der GR\u00dcNEN Altona, offen f\u00fcr alle, die sich f\u00fcr die Zukunft &hellip; <\/p>\n<p class=\"link-more\"><a href=\"https:\/\/www.zukunftsklub.de\/index.php\/2017\/07\/23\/impressum\/\" class=\"more-link\"><span class=\"screen-reader-text\">\u201eImpressum\u201c<\/span> weiterlesen<\/a><\/p>\n","protected":false},"author":1,"featured_media":0,"comment_status":"open","ping_status":"open","sticky":false,"template":"elementor_canvas","format":"standard","meta":[],"categories":[1],"tags":[20],"_links":{"self":[{"href":"https:\/\/www.zukunftsklub.de\/index.php\/wp-json\/wp\/v2\/posts\/93"}],"collection":[{"href":"https:\/\/www.zukunftsklub.de\/index.php\/wp-json\/wp\/v2\/posts"}],"about":[{"href":"https:\/\/www.zukunftsklub.de\/index.php\/wp-json\/wp\/v2\/types\/post"}],"author":[{"embeddable":true,"href":"https:\/\/www.zukunftsklub.de\/index.php\/wp-json\/wp\/v2\/users\/1"}],"replies":[{"embeddable":true,"href":"https:\/\/www.zukunftsklub.de\/index.php\/wp-json\/wp\/v2\/comments?post=93"}],"version-history":[{"count":13,"href":"https:\/\/www.zukunftsklub.de\/index.php\/wp-json\/wp\/v2\/posts\/93\/revisions"}],"predecessor-version":[{"id":328,"href":"https:\/\/www.zukunftsklub.de\/index.php\/wp-json\/wp\/v2\/posts\/93\/revisions\/328"}],"wp:attachment":[{"href":"https:\/\/www.zukunftsklub.de\/index.php\/wp-json\/wp\/v2\/media?parent=93"}],"wp:term":[{"taxonomy":"category","embeddable":true,"href":"https:\/\/www.zukunftsklub.de\/index.php\/wp-json\/wp\/v2\/categories?post=93"},{"taxonomy":"post_tag","embeddable":true,"href":"https:\/\/www.zukunftsklub.de\/index.php\/wp-json\/wp\/v2\/tags?post=93"}],"curies":[{"name":"wp","href":"https:\/\/api.w.org\/{rel}","templated":true}]}}